{"id":179,"date":"2026-04-27T18:54:12","date_gmt":"2026-04-27T22:54:12","guid":{"rendered":"https:\/\/11121769.corumbams.com\/?p=179"},"modified":"2026-04-27T18:54:12","modified_gmt":"2026-04-27T22:54:12","slug":"corumba-participa-de-encontro-regional-de-mulheres-negras-em-campo-grande","status":"publish","type":"post","link":"https:\/\/11121769.corumbams.com\/?p=179","title":{"rendered":"Corumb\u00e1 participa de encontro regional de mulheres negras em Campo Grande"},"content":{"rendered":"<p>A Prefeitura de Corumb\u00e1, por meio da Secretaria Municipal de Assist\u00eancia Social e Cidadania, esteve representada no Encontro da Regi\u00e3o Centro-Oeste p\u00f3s 2\u00aa Marcha Nacional das Mulheres Negras, realizado no dia 24 de abril de 2026, em Campo Grande (MS).<\/p>\n<p>O evento reuniu lideran\u00e7as, ativistas, representantes de movimentos sociais e mulheres de diferentes territ\u00f3rios dos estados de Mato Grosso do Sul, Mato Grosso, Goi\u00e1s e Distrito Federal, promovendo debates sobre igualdade racial, equidade de g\u00eanero, justi\u00e7a social e fortalecimento das pol\u00edticas p\u00fablicas voltadas \u00e0s mulheres negras.<\/p>\n<p>&nbsp;<\/p>\n<p>Representando o munic\u00edpio de Corumb\u00e1, participaram: Gylize Carvalho, Gerente de Pol\u00edticas P\u00fablicas para Igualdade Racial; Nara Nazareth Lima Monteiro, Coordenadora Estadual do Movimento Negro Unificado (MNU); Luany de Brito Monaco, jornalista e ativista; Vanessa Rocha Martins, trancista e ativista do movimento negro; Luiza Rodrigues Osorio, representante quilombola.<\/p>\n<p>A presen\u00e7a da comitiva corumbaense refor\u00e7a o compromisso do munic\u00edpio com a promo\u00e7\u00e3o da igualdade racial, o combate ao racismo estrutural e o fortalecimento da participa\u00e7\u00e3o social das mulheres negras nos espa\u00e7os de constru\u00e7\u00e3o de pol\u00edticas p\u00fablicas.<\/p>\n<p>Durante o encontro, foram discutidos desafios enfrentados pelas mulheres negras em diversas \u00e1reas, como acesso a direitos, trabalho, renda, sa\u00fade, educa\u00e7\u00e3o e enfrentamento \u00e0 viol\u00eancia, al\u00e9m da import\u00e2ncia da organiza\u00e7\u00e3o coletiva como instrumento de transforma\u00e7\u00e3o social.<\/p>\n<p>A participa\u00e7\u00e3o de Corumb\u00e1 tamb\u00e9m evidencia o reconhecimento da diversidade cultural e \u00e9tnica do munic\u00edpio, marcado pela presen\u00e7a de comunidades tradicionais, quilombolas e movimentos sociais atuantes na defesa da cidadania e da justi\u00e7a racial.<\/p>\n","protected":false},"excerpt":{"rendered":"<p>A Prefeitura de Corumb\u00e1, por meio da Secretaria Municipal de Assist\u00eancia Social e Cidadania, esteve representada no Encontro da Regi\u00e3o Centro-Oeste p\u00f3s 2\u00aa Marcha Nacional das Mulheres Negras, realizado no dia 24 de abril de 2026, em Campo Grande (MS). O evento reuniu lideran\u00e7as, ativistas, representantes de movimentos sociais e mulheres de diferentes territ\u00f3rios dos &#8230; <a title=\"Corumb\u00e1 participa de encontro regional de mulheres negras em Campo Grande\" class=\"read-more\" href=\"https:\/\/11121769.corumbams.com\/?p=179\" aria-label=\"Read more about Corumb\u00e1 participa de encontro regional de mulheres negras em Campo Grande\">Ler mais<\/a><\/p>\n","protected":false},"author":1,"featured_media":180,"comment_status":"closed","ping_status":"closed","sticky":false,"template":"","format":"standard","meta":{"footnotes":""},"categories":[22],"tags":[],"class_list":["post-179","post","type-post","status-publish","format-standard","has-post-thumbnail","hentry","category-corumba"],"_links":{"self":[{"href":"https:\/\/11121769.corumbams.com\/index.php?rest_route=\/wp\/v2\/posts\/179","targetHints":{"allow":["GET"]}}],"collection":[{"href":"https:\/\/11121769.corumbams.com\/index.php?rest_route=\/wp\/v2\/posts"}],"about":[{"href":"https:\/\/11121769.corumbams.com\/index.php?rest_route=\/wp\/v2\/types\/post"}],"author":[{"embeddable":true,"href":"https:\/\/11121769.corumbams.com\/index.php?rest_route=\/wp\/v2\/users\/1"}],"replies":[{"embeddable":true,"href":"https:\/\/11121769.corumbams.com\/index.php?rest_route=%2Fwp%2Fv2%2Fcomments&post=179"}],"version-history":[{"count":1,"href":"https:\/\/11121769.corumbams.com\/index.php?rest_route=\/wp\/v2\/posts\/179\/revisions"}],"predecessor-version":[{"id":181,"href":"https:\/\/11121769.corumbams.com\/index.php?rest_route=\/wp\/v2\/posts\/179\/revisions\/181"}],"wp:featuredmedia":[{"embeddable":true,"href":"https:\/\/11121769.corumbams.com\/index.php?rest_route=\/wp\/v2\/media\/180"}],"wp:attachment":[{"href":"https:\/\/11121769.corumbams.com\/index.php?rest_route=%2Fwp%2Fv2%2Fmedia&parent=179"}],"wp:term":[{"taxonomy":"category","embeddable":true,"href":"https:\/\/11121769.corumbams.com\/index.php?rest_route=%2Fwp%2Fv2%2Fcategories&post=179"},{"taxonomy":"post_tag","embeddable":true,"href":"https:\/\/11121769.corumbams.com\/index.php?rest_route=%2Fwp%2Fv2%2Ftags&post=179"}],"curies":[{"name":"wp","href":"https:\/\/api.w.org\/{rel}","templated":true}]}}