{"id":176,"date":"2026-04-27T18:52:29","date_gmt":"2026-04-27T22:52:29","guid":{"rendered":"https:\/\/11121769.corumbams.com\/?p=176"},"modified":"2026-04-27T18:52:29","modified_gmt":"2026-04-27T22:52:29","slug":"corumba-leva-vacinacao-noturna-aos-bairros-para-ampliar-cobertura-vacinal","status":"publish","type":"post","link":"https:\/\/11121769.corumbams.com\/?p=176","title":{"rendered":"Corumb\u00e1 leva vacina\u00e7\u00e3o noturna aos bairros para ampliar cobertura vacinal"},"content":{"rendered":"<p data-start=\"79\" data-end=\"433\">A Prefeitura de Corumb\u00e1, por meio da Secretaria Municipal de Sa\u00fade, est\u00e1 promovendo a a\u00e7\u00e3o\u00a0<strong data-start=\"170\" data-end=\"216\">\u201cVacina\u00e7\u00e3o Volante \u2013 Mais sa\u00fade at\u00e9 voc\u00ea!\u201d<\/strong>, com atendimento em hor\u00e1rio estendido para facilitar o acesso da popula\u00e7\u00e3o \u00e0s vacinas. A iniciativa acontece ao longo da semana, em hor\u00e1rio noturno, sempre das\u00a0<strong data-start=\"357\" data-end=\"371\">17h \u00e0s 21h<\/strong>, em diferentes Unidades B\u00e1sicas de Sa\u00fade (UBS) do munic\u00edpio.<\/p>\n<p data-start=\"435\" data-end=\"619\">A estrat\u00e9gia tem como objetivo alcan\u00e7ar pessoas que n\u00e3o conseguem se vacinar durante o hor\u00e1rio comercial, ampliando a cobertura vacinal e refor\u00e7ando a prote\u00e7\u00e3o contra diversas doen\u00e7as.<\/p>\n<p data-start=\"621\" data-end=\"663\">Confira o cronograma da vacina\u00e7\u00e3o noturna:<\/p>\n<ul data-start=\"665\" data-end=\"1133\">\n<li data-section-id=\"1v0tyxw\" data-start=\"665\" data-end=\"783\"><strong data-start=\"667\" data-end=\"690\">Segunda-feira (27):<\/strong>\u00a0UBS Jardim dos Estados<br data-start=\"713\" data-end=\"716\" \/>Endere\u00e7o: Marechal Floriano, 3550, Lote 18 \u2013 Jardim dos Estados<\/li>\n<li data-section-id=\"190x37n\" data-start=\"785\" data-end=\"878\"><strong data-start=\"787\" data-end=\"808\">Ter\u00e7a-feira (28):<\/strong>\u00a0UBS \u00canio Cunha II<br data-start=\"826\" data-end=\"829\" \/>Endere\u00e7o: Alameda Laranjeira, 170 \u2013 Dom Bosco<\/li>\n<li data-section-id=\"1bmdjyu\" data-start=\"880\" data-end=\"999\"><strong data-start=\"882\" data-end=\"904\">Quarta-feira (29):<\/strong>\u00a0UBS Humberto Pereira<br data-start=\"925\" data-end=\"928\" \/>Endere\u00e7o: Rua Luiz Feitosa Rodrigues, s\/n \u2013 Nossa Senhora de F\u00e1tima<\/li>\n<li data-section-id=\"1mheprk\" data-start=\"1001\" data-end=\"1133\"><strong data-start=\"1003\" data-end=\"1025\">Quinta-feira (30):<\/strong>\u00a0UBS Bonif\u00e1cio Tikayoshi Tiaen<br data-start=\"1055\" data-end=\"1058\" \/>Endere\u00e7o: Rua Pastor Carlos Padilha de Siqueira \u2013 Padre Ernesto Sassida<\/li>\n<\/ul>\n<p data-start=\"1135\" data-end=\"1333\">Durante a a\u00e7\u00e3o, estar\u00e3o dispon\u00edveis as vacinas do calend\u00e1rio nacional, conforme a faixa et\u00e1ria e o p\u00fablico-alvo. A recomenda\u00e7\u00e3o \u00e9 que os moradores levem documento pessoal e a caderneta de vacina\u00e7\u00e3o.<\/p>\n","protected":false},"excerpt":{"rendered":"<p>Durante a a\u00e7\u00e3o, estar\u00e3o dispon\u00edveis as vacinas do calend\u00e1rio nacional, conforme a faixa et\u00e1ria e o p\u00fablico-alvo. A recomenda\u00e7\u00e3o \u00e9 que os moradores levem documento pessoal e a caderneta de vacina\u00e7\u00e3o.<\/p>\n","protected":false},"author":1,"featured_media":177,"comment_status":"closed","ping_status":"closed","sticky":false,"template":"","format":"standard","meta":{"footnotes":""},"categories":[22],"tags":[],"class_list":["post-176","post","type-post","status-publish","format-standard","has-post-thumbnail","hentry","category-corumba"],"_links":{"self":[{"href":"https:\/\/11121769.corumbams.com\/index.php?rest_route=\/wp\/v2\/posts\/176","targetHints":{"allow":["GET"]}}],"collection":[{"href":"https:\/\/11121769.corumbams.com\/index.php?rest_route=\/wp\/v2\/posts"}],"about":[{"href":"https:\/\/11121769.corumbams.com\/index.php?rest_route=\/wp\/v2\/types\/post"}],"author":[{"embeddable":true,"href":"https:\/\/11121769.corumbams.com\/index.php?rest_route=\/wp\/v2\/users\/1"}],"replies":[{"embeddable":true,"href":"https:\/\/11121769.corumbams.com\/index.php?rest_route=%2Fwp%2Fv2%2Fcomments&post=176"}],"version-history":[{"count":1,"href":"https:\/\/11121769.corumbams.com\/index.php?rest_route=\/wp\/v2\/posts\/176\/revisions"}],"predecessor-version":[{"id":178,"href":"https:\/\/11121769.corumbams.com\/index.php?rest_route=\/wp\/v2\/posts\/176\/revisions\/178"}],"wp:featuredmedia":[{"embeddable":true,"href":"https:\/\/11121769.corumbams.com\/index.php?rest_route=\/wp\/v2\/media\/177"}],"wp:attachment":[{"href":"https:\/\/11121769.corumbams.com\/index.php?rest_route=%2Fwp%2Fv2%2Fmedia&parent=176"}],"wp:term":[{"taxonomy":"category","embeddable":true,"href":"https:\/\/11121769.corumbams.com\/index.php?rest_route=%2Fwp%2Fv2%2Fcategories&post=176"},{"taxonomy":"post_tag","embeddable":true,"href":"https:\/\/11121769.corumbams.com\/index.php?rest_route=%2Fwp%2Fv2%2Ftags&post=176"}],"curies":[{"name":"wp","href":"https:\/\/api.w.org\/{rel}","templated":true}]}}