{"id":173,"date":"2026-04-27T18:48:40","date_gmt":"2026-04-27T22:48:40","guid":{"rendered":"https:\/\/11121769.corumbams.com\/?p=173"},"modified":"2026-04-27T18:48:40","modified_gmt":"2026-04-27T22:48:40","slug":"corumba-discute-ampliacao-de-politicas-publicas-para-autismo-no-encerramento-do-mes-azul","status":"publish","type":"post","link":"https:\/\/11121769.corumbams.com\/?p=173","title":{"rendered":"Corumb\u00e1 discute amplia\u00e7\u00e3o de pol\u00edticas p\u00fablicas para autismo no encerramento do M\u00eas Azul"},"content":{"rendered":"<p>O prefeito de Corumb\u00e1, Dr. Gabriel Alves de Oliveira, participou, no s\u00e1bado, 25 de abril, do evento que marcou simbolicamente o encerramento do M\u00eas Azul, dedicado \u00e0 conscientiza\u00e7\u00e3o sobre o autismo. A programa\u00e7\u00e3o foi realizada no Centro de Conven\u00e7\u00f5es e discutiu a inclus\u00e3o de pessoas com transtorno do espectro autista (TEA).<\/p>\n<p>Com o tema \u201cAl\u00e9m do diagn\u00f3stico, vidas que encantam, hist\u00f3rias que inspiram\u201d, o encontro destacou a\u00e7\u00f5es desenvolvidas ao longo do m\u00eas e refor\u00e7ou a necessidade de ampliar pol\u00edticas p\u00fablicas voltadas ao atendimento especializado. A programa\u00e7\u00e3o incluiu orienta\u00e7\u00e3o sobre diagn\u00f3stico, palestras com profissionais, oficinas educativas e um espa\u00e7o voltado \u00e0 autoestima das m\u00e3es.<\/p>\n<p>A presidente da Associa\u00e7\u00e3o M\u00e3os que Abra\u00e7am, Maria Alciana Fernandes Duran, ressaltou a trajet\u00f3ria da entidade no acolhimento de fam\u00edlias at\u00edpicas e destacou o crescimento da demanda por atendimento. \u201cInclus\u00e3o \u00e9 imposs\u00edvel sozinha. Precisamos levantar essa bandeira todos os dias\u201d, disse.<\/p>\n<p>O prefeito Dr. Gabriel afirmou que o munic\u00edpio trabalha para ampliar a estrutura de atendimento e buscar solu\u00e7\u00f5es que acompanhem o aumento da demanda. Segundo ele, h\u00e1 articula\u00e7\u00e3o para viabilizar a implanta\u00e7\u00e3o de um centro de refer\u00eancia para autismo, com apoio de recursos estaduais e federais. \u201c\u00c9 um desafio que precisa ser enfrentado com parceria e prioridade\u201d, declarou.<\/p>\n<p>Estiveram presentes a primeira-dama, Tatiane Patr\u00edcio; a vice-prefeita, Bia Cavassa; e o deputado federal Dr. Luiz Ovando, que ministrou palestra com o tema \u201cCuidar do cora\u00e7\u00e3o tamb\u00e9m \u00e9 cuidar das rela\u00e7\u00f5es, da fam\u00edlia e da inclus\u00e3o\u201d. O prefeito de Lad\u00e1rio, Munir Sadeq Ramunieh, tamb\u00e9m participou do evento.<\/p>\n","protected":false},"excerpt":{"rendered":"<p>A presidente da Associa\u00e7\u00e3o M\u00e3os que Abra\u00e7am, Maria Alciana Fernandes Duran, ressaltou a trajet\u00f3ria da entidade no acolhimento de fam\u00edlias at\u00edpicas e destacou o crescimento da demanda por atendimento. \u201cInclus\u00e3o \u00e9 imposs\u00edvel sozinha. Precisamos levantar essa bandeira todos os dias\u201d, disse.<\/p>\n","protected":false},"author":1,"featured_media":174,"comment_status":"closed","ping_status":"closed","sticky":false,"template":"","format":"standard","meta":{"footnotes":""},"categories":[22],"tags":[],"class_list":["post-173","post","type-post","status-publish","format-standard","has-post-thumbnail","hentry","category-corumba"],"_links":{"self":[{"href":"https:\/\/11121769.corumbams.com\/index.php?rest_route=\/wp\/v2\/posts\/173","targetHints":{"allow":["GET"]}}],"collection":[{"href":"https:\/\/11121769.corumbams.com\/index.php?rest_route=\/wp\/v2\/posts"}],"about":[{"href":"https:\/\/11121769.corumbams.com\/index.php?rest_route=\/wp\/v2\/types\/post"}],"author":[{"embeddable":true,"href":"https:\/\/11121769.corumbams.com\/index.php?rest_route=\/wp\/v2\/users\/1"}],"replies":[{"embeddable":true,"href":"https:\/\/11121769.corumbams.com\/index.php?rest_route=%2Fwp%2Fv2%2Fcomments&post=173"}],"version-history":[{"count":1,"href":"https:\/\/11121769.corumbams.com\/index.php?rest_route=\/wp\/v2\/posts\/173\/revisions"}],"predecessor-version":[{"id":175,"href":"https:\/\/11121769.corumbams.com\/index.php?rest_route=\/wp\/v2\/posts\/173\/revisions\/175"}],"wp:featuredmedia":[{"embeddable":true,"href":"https:\/\/11121769.corumbams.com\/index.php?rest_route=\/wp\/v2\/media\/174"}],"wp:attachment":[{"href":"https:\/\/11121769.corumbams.com\/index.php?rest_route=%2Fwp%2Fv2%2Fmedia&parent=173"}],"wp:term":[{"taxonomy":"category","embeddable":true,"href":"https:\/\/11121769.corumbams.com\/index.php?rest_route=%2Fwp%2Fv2%2Fcategories&post=173"},{"taxonomy":"post_tag","embeddable":true,"href":"https:\/\/11121769.corumbams.com\/index.php?rest_route=%2Fwp%2Fv2%2Ftags&post=173"}],"curies":[{"name":"wp","href":"https:\/\/api.w.org\/{rel}","templated":true}]}}